{"id":9942,"date":"2017-05-06T18:48:28","date_gmt":"2017-05-06T17:48:28","guid":{"rendered":"http:\/\/evolve.al\/?p=9942"},"modified":"2018-03-26T12:16:48","modified_gmt":"2018-03-26T11:16:48","slug":"new-google-tool-helps-developers-pick-the-right-colors-for-their-apps","status":"publish","type":"post","link":"http:\/\/evolve.al\/al\/new-google-tool-helps-developers-pick-the-right-colors-for-their-apps\/","title":{"rendered":"Mjeti i ri i Google ndihmon zhvilluesit t\u00eb zgjedhin ngjyrat e duhura p\u00ebr aplikacionet e tyre"},"content":{"rendered":"<p><\/p>\n<p id=\"speakable-summary\">Me udh\u00ebzimet e saj t\u00eb <a href=\"https:\/\/material.io\/guidelines\/\">Material Dizajn<\/a>, Google filloi t\u00eb krijoj\u00eb nj\u00eb s\u00ebr\u00eb idesh t\u00eb unifikuara p\u00ebr m\u00ebnyr\u00ebn se si d\u00ebshiron q\u00eb zhvilluesit t\u00eb mendojn\u00eb p\u00ebr t\u00eb gjitha aspektet e ndryshme t\u00eb dizajnit t\u00eb aplikacioneve t\u00eb tyre, duke filluar nga faqosja themelore deri te m\u00ebnyra e p\u00ebrdorimit t\u00eb animacioneve n\u00eb m\u00ebnyr\u00eb efektive. Si pjes\u00eb e k\u00ebtyre udh\u00ebzimeve, gjithashtu ofroi disa ide se si t\u00eb p\u00ebrdorim m\u00eb s\u00eb miri ngjyr\u00ebn. Sot po zgjerohet me fillimin e nj\u00eb mjeti t\u00eb ri t\u00eb ngjyrave q\u00eb synon t\u00eb ndihmoj\u00eb zhvilluesit dhe projektuesit t\u00eb zgjedhin palet\u00ebn e duhur t\u00eb ngjyrave p\u00ebr aplikacionet e tyre.<\/p>\n<p><a href=\"https:\/\/tctechcrunch2011.files.wordpress.com\/2017\/04\/pasted-image-0-1.png\" target=\"_blank\" rel=\"noopener noreferrer\"><img decoding=\"async\" loading=\"lazy\" class=\"alignright wp-image-1473720\" src=\"https:\/\/tctechcrunch2011.files.wordpress.com\/2017\/04\/pasted-image-0-1.png?w=297&amp;h=296\" sizes=\"(max-width: 297px) 100vw, 297px\" srcset=\"https:\/\/tctechcrunch2011.files.wordpress.com\/2017\/04\/pasted-image-0-1.png?w=297&amp;h=296 297w, https:\/\/tctechcrunch2011.files.wordpress.com\/2017\/04\/pasted-image-0-1.png?w=594&amp;h=592 594w, https:\/\/tctechcrunch2011.files.wordpress.com\/2017\/04\/pasted-image-0-1.png?w=150&amp;h=150 150w, https:\/\/tctechcrunch2011.files.wordpress.com\/2017\/04\/pasted-image-0-1.png?w=300&amp;h=300 300w\" alt=\"\" width=\"297\" height=\"296\" \/><\/a><a href=\"https:\/\/material.io\/color\/#!\/\">Mjeti i ri<\/a> i ndihmon zhvilluesit t\u00eb krijojn\u00eb dhe ndajn\u00eb paleta me ngjyra, por, ndoshta m\u00eb e r\u00ebnd\u00ebsishmja, gjithashtu vjen me aft\u00ebsin\u00eb p\u00ebr t\u00eb aplikuar at\u00eb skem\u00eb t\u00eb ngjyrave n\u00eb nj\u00eb nd\u00ebrfaqe p\u00ebrdoruesi t\u00eb mostr\u00ebs dhe n\u00eb <a href=\"https:\/\/material.io\/components\/\">komponente t\u00eb ndryshme<\/a> t\u00eb Dizajnit t\u00eb Materialeve n\u00eb <a href=\"https:\/\/codepen.io\/\">CodePen<\/a>, p\u00ebr zhvilluesit e front end-it.<\/p>\n<p>Nj\u00eb tjet\u00ebr aspekt interesant i mjetit t\u00eb ri \u00ebsht\u00eb se ai automatikisht vler\u00ebson lexueshm\u00ebrin\u00eb e tekstit p\u00ebr skem\u00ebn tuaj t\u00eb ngjyrave. Ky vler\u00ebsim bazohet n\u00eb Udh\u00ebzimet p\u00ebr <a href=\"https:\/\/www.w3.org\/TR\/UNDERSTANDING-WCAG20\/visual-audio-contrast-contrast.html\">Aksesueshm\u00ebrin\u00eb e P\u00ebrmbajtjes s\u00eb Uebit<\/a>, t\u00eb cilat kryesisht fokusohen n\u00eb kontrastin midis tekstit dhe sfondit p\u00ebr t\u00eb ndihmuar njer\u00ebzit me d\u00ebmtime t\u00eb shikimit, t\u00eb lexohen m\u00eb mir\u00eb n\u00eb internet (edhe pse dikush q\u00eb ka pasur ndonj\u00ebher\u00eb t\u00eb lexuar shum\u00eb tekst t\u00eb err\u00ebt t\u00eb err\u00ebt n\u00eb nj\u00eb sfond gri t\u00eb lehta e di se kjo \u00ebsht\u00eb nj\u00eb \u00e7\u00ebshtje).<\/p>\n<div><\/div>\n<p><a href=\"https:\/\/tctechcrunch2011.files.wordpress.com\/2017\/04\/color_tool.png\" target=\"_blank\" rel=\"noopener noreferrer\"><img decoding=\"async\" loading=\"lazy\" class=\"aligncenter size-full wp-image-1473780\" src=\"https:\/\/tctechcrunch2011.files.wordpress.com\/2017\/04\/color_tool.png?w=1024&amp;h=632\" sizes=\"(max-width: 1024px) 100vw, 1024px\" srcset=\"https:\/\/tctechcrunch2011.files.wordpress.com\/2017\/04\/color_tool.png?w=1024&amp;h=632 1024w, https:\/\/tctechcrunch2011.files.wordpress.com\/2017\/04\/color_tool.png?w=150&amp;h=93 150w, https:\/\/tctechcrunch2011.files.wordpress.com\/2017\/04\/color_tool.png?w=300&amp;h=185 300w, https:\/\/tctechcrunch2011.files.wordpress.com\/2017\/04\/color_tool.png?w=768&amp;h=474 768w, https:\/\/tctechcrunch2011.files.wordpress.com\/2017\/04\/color_tool.png?w=680&amp;h=420 680w, https:\/\/tctechcrunch2011.files.wordpress.com\/2017\/04\/color_tool.png 1281w\" alt=\"\" width=\"1024\" height=\"632\" \/><\/a><\/p>","protected":false},"excerpt":{"rendered":"<p>Me udh\u00ebzimet e saj t\u00eb Material Dizajn, Google filloi t\u00eb krijoj\u00eb nj\u00eb s\u00ebr\u00eb idesh t\u00eb unifikuara p\u00ebr m\u00ebnyr\u00ebn se si d\u00ebshiron q\u00eb zhvilluesit t\u00eb mendojn\u00eb p\u00ebr t\u00eb gjitha aspektet e ndryshme t\u00eb dizajnit t\u00eb aplikacioneve t\u00eb tyre, duke filluar nga faqosja themelore deri te m\u00ebnyra e p\u00ebrdorimit t\u00eb animacioneve n\u00eb m\u00ebnyr\u00eb efektive. Si pjes\u00eb e k\u00ebtyre udh\u00ebzimeve, gjithashtu ofroi disa ide se si t\u00eb p\u00ebrdorim m\u00eb s\u00eb miri ngjyr\u00ebn. Sot po zgjerohet me fillimin e nj\u00eb mjeti t\u00eb ri t\u00eb ngjyrave q\u00eb synon t\u00eb ndihmoj\u00eb zhvilluesit dhe projektuesit t\u00eb zgjedhin palet\u00ebn e duhur t\u00eb ngjyrave p\u00ebr aplikacionet e tyre. Mjeti i ri i ndihmon zhvilluesit t\u00eb krijojn\u00eb dhe ndajn\u00eb paleta me ngjyra, por, ndoshta m\u00eb e r\u00ebnd\u00ebsishmja, gjithashtu vjen me aft\u00ebsin\u00eb p\u00ebr t\u00eb aplikuar at\u00eb skem\u00eb t\u00eb ngjyrave n\u00eb nj\u00eb nd\u00ebrfaqe p\u00ebrdoruesi t\u00eb mostr\u00ebs dhe n\u00eb komponente t\u00eb ndryshme t\u00eb Dizajnit t\u00eb Materialeve n\u00eb CodePen, p\u00ebr zhvilluesit e front end-it. Nj\u00eb tjet\u00ebr aspekt interesant i mjetit t\u00eb ri \u00ebsht\u00eb se ai automatikisht vler\u00ebson lexueshm\u00ebrin\u00eb e tekstit p\u00ebr skem\u00ebn tuaj t\u00eb ngjyrave. Ky vler\u00ebsim bazohet n\u00eb Udh\u00ebzimet p\u00ebr Aksesueshm\u00ebrin\u00eb e P\u00ebrmbajtjes s\u00eb Uebit, t\u00eb cilat kryesisht fokusohen n\u00eb kontrastin midis tekstit dhe sfondit p\u00ebr t\u00eb ndihmuar njer\u00ebzit me d\u00ebmtime t\u00eb shikimit, t\u00eb lexohen m\u00eb mir\u00eb n\u00eb internet (edhe pse dikush q\u00eb ka pasur ndonj\u00ebher\u00eb t\u00eb lexuar shum\u00eb tekst t\u00eb err\u00ebt t\u00eb err\u00ebt n\u00eb nj\u00eb sfond gri t\u00eb lehta e di se kjo \u00ebsht\u00eb nj\u00eb \u00e7\u00ebshtje).<\/p>\n","protected":false},"author":2,"featured_media":9943,"comment_status":"closed","ping_status":"closed","sticky":false,"template":"","format":"standard","meta":[],"categories":[49],"tags":[],"_links":{"self":[{"href":"http:\/\/evolve.al\/al\/wp-json\/wp\/v2\/posts\/9942"}],"collection":[{"href":"http:\/\/evolve.al\/al\/wp-json\/wp\/v2\/posts"}],"about":[{"href":"http:\/\/evolve.al\/al\/wp-json\/wp\/v2\/types\/post"}],"author":[{"embeddable":true,"href":"http:\/\/evolve.al\/al\/wp-json\/wp\/v2\/users\/2"}],"replies":[{"embeddable":true,"href":"http:\/\/evolve.al\/al\/wp-json\/wp\/v2\/comments?post=9942"}],"version-history":[{"count":3,"href":"http:\/\/evolve.al\/al\/wp-json\/wp\/v2\/posts\/9942\/revisions"}],"predecessor-version":[{"id":10332,"href":"http:\/\/evolve.al\/al\/wp-json\/wp\/v2\/posts\/9942\/revisions\/10332"}],"wp:featuredmedia":[{"embeddable":true,"href":"http:\/\/evolve.al\/al\/wp-json\/wp\/v2\/media\/9943"}],"wp:attachment":[{"href":"http:\/\/evolve.al\/al\/wp-json\/wp\/v2\/media?parent=9942"}],"wp:term":[{"taxonomy":"category","embeddable":true,"href":"http:\/\/evolve.al\/al\/wp-json\/wp\/v2\/categories?post=9942"},{"taxonomy":"post_tag","embeddable":true,"href":"http:\/\/evolve.al\/al\/wp-json\/wp\/v2\/tags?post=9942"}],"curies":[{"name":"wp","href":"https:\/\/api.w.org\/{rel}","templated":true}]}}